{"id":506,"date":"2016-07-07T13:34:30","date_gmt":"2016-07-07T11:34:30","guid":{"rendered":"http:\/\/edlevonzwirn.de\/EdlevonZwirn\/?p=506"},"modified":"2016-08-22T11:29:04","modified_gmt":"2016-08-22T09:29:04","slug":"theater-film-tipp","status":"publish","type":"post","link":"https:\/\/edlevonzwirn.de\/EdlevonZwirn\/theater-film-tipp\/","title":{"rendered":"Theater- &#038; Film-Tipp"},"content":{"rendered":"<p><img loading=\"lazy\" decoding=\"async\" class=\"alignleft wp-image-852\" src=\"https:\/\/edlevonzwirn.de\/EdlevonZwirn\/wp-content\/uploads\/2016\/07\/HAIRSPRAY-II.jpg\" alt=\"HAIRSPRAY-II\" width=\"1200\" height=\"621\" \/><\/p>\n<h4><\/h4>\n<h4><\/h4>\n<h4><\/h4>\n<h4><\/h4>\n<h3 style=\"text-align: center;\"><span style=\"color: #7d644b;\"><strong>Hairspray &#8211; Das Musical<\/strong><\/span><\/h3>\n<p style=\"text-align: center;\"><span style=\"color: #7d644b;\"><strong>Samstag, 15.10.2016 | 20:00 Uhr | Schlitz, Hessen<\/strong><\/span><\/p>\n<p style=\"text-align: justify;\"><span style=\"color: #7d644b;\">2016 feiert das Theater Traumstern sein 10j\u00e4hriges Jubil\u00e4um \u2013 dazu wird es knallbunt und es gibt jede Menge HAIRSPRAY. Das Musical von Mark O\u00b4Donell und Thomas Meehan mit seinen fetzigen Rock\u00b4n Roll-Songs und emotionalen Balladen verspricht viel gute Laune und entf\u00fchrt das Publikum in die fr\u00fchen 60er Jahre nach Baltimore, wo die Teenagerin Tracy Turnblad, die nicht allen Sch\u00f6nheitsidealen entspricht, von einer Karriere als T\u00e4nzerin in einer Fernseh-Show tr\u00e4umt. Als ihr Traum in Erf\u00fcllung geht und sie \u00fcber Nacht zum Star wird nutzt sie ihren Bekanntheitsgrad, um gegen die Rassendiskriminierung zu k\u00e4mpfen.<\/span><\/p>\n<p style=\"text-align: justify;\"><span style=\"color: #7d644b;\">HAIRSPRAY ist bereits die 6.Inszenierung, mit der das Theater Traumstern in der Landesmusikakademie Hessen zu Gast ist.<\/span><\/p>\n<p><span style=\"color: #7d644b;\"><strong>\u00a0<\/strong><\/span><\/p>\n<table>\n<tbody>\n<tr>\n<td><\/td>\n<\/tr>\n<\/tbody>\n<\/table>\n<p><span style=\"color: #7d644b;\"><strong>Konzertsaal der Landesmusikakademie Hessen<\/strong><\/span><br \/>\n<span style=\"color: #7d644b;\"> <strong>Gr\u00e4fin-Anna-Stra\u00dfe,<\/strong><\/span><br \/>\n<span style=\"color: #7d644b;\"> <strong>36110 Schlitz<\/strong><\/span><br \/>\n<span style=\"color: #7d644b;\"> <strong>Veranstaltungsdatum: <\/strong>Samstag, 15.10.2016<\/span><br \/>\n<span style=\"color: #7d644b;\"> <strong>Beginn: <\/strong>20:00 Uhr<\/span><br \/>\n<span style=\"color: #7d644b;\"> <strong>Eintrittspreise: <\/strong>Vorverkauf 14\u20ac\/erm\u00e4\u00dfigt 10 \u20ac und an der Abendkasse 14\u20ac\/erm\u00e4\u00dfigt 10 \u20ac<\/span><br \/>\n<span style=\"color: #7d644b;\"> <strong>Weitere Infos unter:<\/strong><a style=\"color: #7d644b;\" href=\"http:\/\/www.lmah.de\/veranstaltungen.html\"><em> http:\/\/www.lmah.de\/veranstaltungen.html<\/em><\/a><\/span><\/p>\n","protected":false},"excerpt":{"rendered":"<p>Hairspray &#8211; Das Musical Samstag, 15.10.2016 | 20:00 Uhr | Schlitz, Hessen 2016 feiert das Theater Traumstern sein 10j\u00e4hriges Jubil\u00e4um \u2013 dazu wird es knallbunt und es gibt jede Menge HAIRSPRAY. Das Musical von Mark O\u00b4Donell und Thomas Meehan mit &hellip; <a href=\"https:\/\/edlevonzwirn.de\/EdlevonZwirn\/theater-film-tipp\/\">Weiter<\/a><\/p>\n","protected":false},"author":1,"featured_media":446,"comment_status":"closed","ping_status":"closed","sticky":false,"template":"","format":"standard","meta":{"kt_blocks_editor_width":"","footnotes":""},"categories":[5],"tags":[],"rttpg_featured_image_url":{"full":["https:\/\/edlevonzwirn.de\/EdlevonZwirn\/wp-content\/uploads\/2016\/07\/EvZ-Theater-und-Film-Tipp.jpg",800,533,false],"landscape":["https:\/\/edlevonzwirn.de\/EdlevonZwirn\/wp-content\/uploads\/2016\/07\/EvZ-Theater-und-Film-Tipp.jpg",800,533,false],"portraits":["https:\/\/edlevonzwirn.de\/EdlevonZwirn\/wp-content\/uploads\/2016\/07\/EvZ-Theater-und-Film-Tipp.jpg",800,533,false],"thumbnail":["https:\/\/edlevonzwirn.de\/EdlevonZwirn\/wp-content\/uploads\/2016\/07\/EvZ-Theater-und-Film-Tipp-150x150.jpg",150,150,true],"medium":["https:\/\/edlevonzwirn.de\/EdlevonZwirn\/wp-content\/uploads\/2016\/07\/EvZ-Theater-und-Film-Tipp-300x200.jpg",300,200,true],"large":["https:\/\/edlevonzwirn.de\/EdlevonZwirn\/wp-content\/uploads\/2016\/07\/EvZ-Theater-und-Film-Tipp.jpg",800,533,false],"widgets_image_size":["https:\/\/edlevonzwirn.de\/EdlevonZwirn\/wp-content\/uploads\/2016\/07\/EvZ-Theater-und-Film-Tipp.jpg",800,533,false],"folio":["https:\/\/edlevonzwirn.de\/EdlevonZwirn\/wp-content\/uploads\/2016\/07\/EvZ-Theater-und-Film-Tipp-600x400.jpg",600,400,true],"1536x1536":["https:\/\/edlevonzwirn.de\/EdlevonZwirn\/wp-content\/uploads\/2016\/07\/EvZ-Theater-und-Film-Tipp.jpg",800,533,false],"2048x2048":["https:\/\/edlevonzwirn.de\/EdlevonZwirn\/wp-content\/uploads\/2016\/07\/EvZ-Theater-und-Film-Tipp.jpg",800,533,false],"widget-thumb":["https:\/\/edlevonzwirn.de\/EdlevonZwirn\/wp-content\/uploads\/2016\/07\/EvZ-Theater-und-Film-Tipp-80x50.jpg",80,50,true],"sow-carousel-default":["https:\/\/edlevonzwirn.de\/EdlevonZwirn\/wp-content\/uploads\/2016\/07\/EvZ-Theater-und-Film-Tipp-272x182.jpg",272,182,true]},"rttpg_author":{"display_name":"trabandt","author_link":"https:\/\/edlevonzwirn.de\/EdlevonZwirn\/author\/trabandt\/"},"rttpg_comment":0,"rttpg_category":"<a href=\"https:\/\/edlevonzwirn.de\/EdlevonZwirn\/https:\/edlevonzwirn.de\/EdlevonZwirn\/?page%20id=604%20\/neu-entdeckt\/\" rel=\"category tag\">Neu entdeckt<\/a>","rttpg_excerpt":"Hairspray &#8211; Das Musical Samstag, 15.10.2016 | 20:00 Uhr | Schlitz, Hessen 2016 feiert das Theater Traumstern sein 10j\u00e4hriges Jubil\u00e4um \u2013 dazu wird es knallbunt und es gibt jede Menge HAIRSPRAY. Das Musical von Mark O\u00b4Donell und Thomas Meehan mit &hellip; Weiter","_links":{"self":[{"href":"https:\/\/edlevonzwirn.de\/EdlevonZwirn\/wp-json\/wp\/v2\/posts\/506"}],"collection":[{"href":"https:\/\/edlevonzwirn.de\/EdlevonZwirn\/wp-json\/wp\/v2\/posts"}],"about":[{"href":"https:\/\/edlevonzwirn.de\/EdlevonZwirn\/wp-json\/wp\/v2\/types\/post"}],"author":[{"embeddable":true,"href":"https:\/\/edlevonzwirn.de\/EdlevonZwirn\/wp-json\/wp\/v2\/users\/1"}],"replies":[{"embeddable":true,"href":"https:\/\/edlevonzwirn.de\/EdlevonZwirn\/wp-json\/wp\/v2\/comments?post=506"}],"version-history":[{"count":7,"href":"https:\/\/edlevonzwirn.de\/EdlevonZwirn\/wp-json\/wp\/v2\/posts\/506\/revisions"}],"predecessor-version":[{"id":1080,"href":"https:\/\/edlevonzwirn.de\/EdlevonZwirn\/wp-json\/wp\/v2\/posts\/506\/revisions\/1080"}],"wp:featuredmedia":[{"embeddable":true,"href":"https:\/\/edlevonzwirn.de\/EdlevonZwirn\/wp-json\/wp\/v2\/media\/446"}],"wp:attachment":[{"href":"https:\/\/edlevonzwirn.de\/EdlevonZwirn\/wp-json\/wp\/v2\/media?parent=506"}],"wp:term":[{"taxonomy":"category","embeddable":true,"href":"https:\/\/edlevonzwirn.de\/EdlevonZwirn\/wp-json\/wp\/v2\/categories?post=506"},{"taxonomy":"post_tag","embeddable":true,"href":"https:\/\/edlevonzwirn.de\/EdlevonZwirn\/wp-json\/wp\/v2\/tags?post=506"}],"curies":[{"name":"wp","href":"https:\/\/api.w.org\/{rel}","templated":true}]}}