{"id":517,"date":"2016-07-07T14:38:06","date_gmt":"2016-07-07T12:38:06","guid":{"rendered":"http:\/\/edlevonzwirn.de\/EdlevonZwirn\/?p=517"},"modified":"2016-07-07T15:11:13","modified_gmt":"2016-07-07T13:11:13","slug":"lauterbacher-kleid-angefertigt","status":"publish","type":"post","link":"https:\/\/edlevonzwirn.de\/EdlevonZwirn\/lauterbacher-kleid-angefertigt\/","title":{"rendered":"Lauterbacher Kleid angefertigt"},"content":{"rendered":"<div id=\"pl-517\"  class=\"panel-layout\" ><div id=\"pg-517-0\"  class=\"panel-grid panel-no-style\" ><div id=\"pgc-517-0-0\"  class=\"panel-grid-cell\" ><div id=\"panel-517-0-0-0\" class=\"so-panel widget widget_sow-editor panel-first-child panel-last-child\" data-index=\"0\" ><div\n\t\t\t\n\t\t\tclass=\"so-widget-sow-editor so-widget-sow-editor-base\"\n\t\t\t\n\t\t>\n<div class=\"siteorigin-widget-tinymce textwidget\">\n\t<p><img loading=\"lazy\" decoding=\"async\" class=\" wp-image-518 alignleft\" src=\"https:\/\/edlevonzwirn.de\/EdlevonZwirn\/wp-content\/uploads\/2016\/07\/Trachtengilde12.jpg\" alt=\"Trachtengilde12\" width=\"278\" height=\"371\" srcset=\"https:\/\/edlevonzwirn.de\/EdlevonZwirn\/wp-content\/uploads\/2016\/07\/Trachtengilde12.jpg 600w, https:\/\/edlevonzwirn.de\/EdlevonZwirn\/wp-content\/uploads\/2016\/07\/Trachtengilde12-225x300.jpg 225w\" sizes=\"(max-width: 278px) 100vw, 278px\" \/><\/p>\n<p>Wie berichtet, pr\u00e4sentierte sich auch die Lauterbacher Hemdmanufaktur in der Handwerkerstrasse zum Jubil\u00e4um der Lauterbacher Trachtengilde. An dem Stand wurde nicht nur die Produktvielfalt und die neue Marke \u201eEdle von Zwirn\u201cgezeigt, die Besucher konnten sich auch an einer alten Tretn\u00e4hmaschine und beim Knopfann\u00e4hen versuchen. Ein Neunj\u00e4hriger Lauterbacher, der auch die Kindern\u00e4hschule in den Osterferien besucht hatte, n\u00e4hte gar ein ganzes Brillenetui aus Filz.<br \/> An einer modernen N\u00e4hmaschine n\u00e4hten Mitarbeiterinnen und Auszubildende an den zwei Aktionstagen live ein Kleid aus Seide und Originalsamt der Trachtengilde. Hintergrund war ein betriebsinterner Aufruf, in Anlehnung an die Lauterbacher Tracht ein m\u00f6gliches Kleid f\u00fcr die Lauterbacher Bierk\u00f6nigin zu entwerfen. Dieses sollte modern, aber mit hohem Wiedererkennungswert f\u00fcr die Repr\u00e4sentantin der Stadt Lauterbach sein. Durch Abstimmung wurde der Entwurf festgelegt und unter fachkundiger Aufsicht von Schneidermeisterin Charlotte von Campe und mit gro\u00dfem Interesse der Besucher fertiggestellt.<\/p>\n<\/div>\n<\/div><\/div><\/div><\/div><\/div>","protected":false},"excerpt":{"rendered":"<p>Wie berichtet, pr\u00e4sentierte sich auch die Lauterbacher Hemdmanufaktur in der Handwerkerstrasse zum Jubil\u00e4um der Lauterbacher Trachtengilde. An dem Stand wurde nicht nur die Produktvielfalt und die neue Marke \u201eEdle von Zwirn\u201cgezeigt, die Besucher konnten sich auch an einer alten Tretn\u00e4hmaschine &hellip; <a href=\"https:\/\/edlevonzwirn.de\/EdlevonZwirn\/lauterbacher-kleid-angefertigt\/\">Weiter<\/a><\/p>\n","protected":false},"author":1,"featured_media":519,"comment_status":"closed","ping_status":"closed","sticky":false,"template":"","format":"standard","meta":{"kt_blocks_editor_width":"","footnotes":""},"categories":[6],"tags":[],"rttpg_featured_image_url":{"full":["https:\/\/edlevonzwirn.de\/EdlevonZwirn\/wp-content\/uploads\/2016\/07\/Trachtengilde14.jpg",800,533,false],"landscape":["https:\/\/edlevonzwirn.de\/EdlevonZwirn\/wp-content\/uploads\/2016\/07\/Trachtengilde14.jpg",800,533,false],"portraits":["https:\/\/edlevonzwirn.de\/EdlevonZwirn\/wp-content\/uploads\/2016\/07\/Trachtengilde14.jpg",800,533,false],"thumbnail":["https:\/\/edlevonzwirn.de\/EdlevonZwirn\/wp-content\/uploads\/2016\/07\/Trachtengilde14-150x150.jpg",150,150,true],"medium":["https:\/\/edlevonzwirn.de\/EdlevonZwirn\/wp-content\/uploads\/2016\/07\/Trachtengilde14-300x200.jpg",300,200,true],"large":["https:\/\/edlevonzwirn.de\/EdlevonZwirn\/wp-content\/uploads\/2016\/07\/Trachtengilde14.jpg",800,533,false],"widgets_image_size":["https:\/\/edlevonzwirn.de\/EdlevonZwirn\/wp-content\/uploads\/2016\/07\/Trachtengilde14-800x533.jpg",800,533,true],"folio":["https:\/\/edlevonzwirn.de\/EdlevonZwirn\/wp-content\/uploads\/2016\/07\/Trachtengilde14-600x400.jpg",600,400,true],"1536x1536":["https:\/\/edlevonzwirn.de\/EdlevonZwirn\/wp-content\/uploads\/2016\/07\/Trachtengilde14.jpg",800,533,false],"2048x2048":["https:\/\/edlevonzwirn.de\/EdlevonZwirn\/wp-content\/uploads\/2016\/07\/Trachtengilde14.jpg",800,533,false],"widget-thumb":["https:\/\/edlevonzwirn.de\/EdlevonZwirn\/wp-content\/uploads\/2016\/07\/Trachtengilde14-80x50.jpg",80,50,true],"sow-carousel-default":["https:\/\/edlevonzwirn.de\/EdlevonZwirn\/wp-content\/uploads\/2016\/07\/Trachtengilde14-272x182.jpg",272,182,true]},"rttpg_author":{"display_name":"trabandt","author_link":"https:\/\/edlevonzwirn.de\/EdlevonZwirn\/author\/trabandt\/"},"rttpg_comment":0,"rttpg_category":"<a href=\"https:\/\/edlevonzwirn.de\/EdlevonZwirn\/https:\/edlevonzwirn.de\/EdlevonZwirn\/?page%20id=604%20\/presse-mehr\/\" rel=\"category tag\">Presse &amp; mehr<\/a>","rttpg_excerpt":"Wie berichtet, pr\u00e4sentierte sich auch die Lauterbacher Hemdmanufaktur in der Handwerkerstrasse zum Jubil\u00e4um der Lauterbacher Trachtengilde. An dem Stand wurde nicht nur die Produktvielfalt und die neue Marke \u201eEdle von Zwirn\u201cgezeigt, die Besucher konnten sich auch an einer alten Tretn\u00e4hmaschine &hellip; Weiter","_links":{"self":[{"href":"https:\/\/edlevonzwirn.de\/EdlevonZwirn\/wp-json\/wp\/v2\/posts\/517"}],"collection":[{"href":"https:\/\/edlevonzwirn.de\/EdlevonZwirn\/wp-json\/wp\/v2\/posts"}],"about":[{"href":"https:\/\/edlevonzwirn.de\/EdlevonZwirn\/wp-json\/wp\/v2\/types\/post"}],"author":[{"embeddable":true,"href":"https:\/\/edlevonzwirn.de\/EdlevonZwirn\/wp-json\/wp\/v2\/users\/1"}],"replies":[{"embeddable":true,"href":"https:\/\/edlevonzwirn.de\/EdlevonZwirn\/wp-json\/wp\/v2\/comments?post=517"}],"version-history":[{"count":1,"href":"https:\/\/edlevonzwirn.de\/EdlevonZwirn\/wp-json\/wp\/v2\/posts\/517\/revisions"}],"predecessor-version":[{"id":520,"href":"https:\/\/edlevonzwirn.de\/EdlevonZwirn\/wp-json\/wp\/v2\/posts\/517\/revisions\/520"}],"wp:featuredmedia":[{"embeddable":true,"href":"https:\/\/edlevonzwirn.de\/EdlevonZwirn\/wp-json\/wp\/v2\/media\/519"}],"wp:attachment":[{"href":"https:\/\/edlevonzwirn.de\/EdlevonZwirn\/wp-json\/wp\/v2\/media?parent=517"}],"wp:term":[{"taxonomy":"category","embeddable":true,"href":"https:\/\/edlevonzwirn.de\/EdlevonZwirn\/wp-json\/wp\/v2\/categories?post=517"},{"taxonomy":"post_tag","embeddable":true,"href":"https:\/\/edlevonzwirn.de\/EdlevonZwirn\/wp-json\/wp\/v2\/tags?post=517"}],"curies":[{"name":"wp","href":"https:\/\/api.w.org\/{rel}","templated":true}]}}